{"id":44543,"date":"2019-06-30T09:07:53","date_gmt":"2019-06-30T09:07:53","guid":{"rendered":"https:\/\/www.emeryetcie.com\/?p=44543"},"modified":"2019-06-30T09:07:53","modified_gmt":"2019-06-30T09:07:53","slug":"desert-design-2-2","status":"publish","type":"post","link":"https:\/\/www.emeryetcie.com\/en\/desert-design-2-2\/","title":{"rendered":"Desert Design"},"content":{"rendered":"<p><img loading=\"lazy\" decoding=\"async\" class=\"alignnone size-full wp-image-44544\" src=\"https:\/\/www.emeryetcie.com\/wp-content\/uploads\/2019\/06\/desert-design-1.jpg\" alt=\"\" width=\"1077\" height=\"797\" srcset=\"https:\/\/www.emeryetcie.com\/wp-content\/uploads\/2019\/06\/desert-design-1.jpg 1077w, https:\/\/www.emeryetcie.com\/wp-content\/uploads\/2019\/06\/desert-design-1-300x222.jpg 300w, https:\/\/www.emeryetcie.com\/wp-content\/uploads\/2019\/06\/desert-design-1-768x568.jpg 768w, https:\/\/www.emeryetcie.com\/wp-content\/uploads\/2019\/06\/desert-design-1-1024x758.jpg 1024w, https:\/\/www.emeryetcie.com\/wp-content\/uploads\/2019\/06\/desert-design-1-600x444.jpg 600w\" sizes=\"auto, (max-width: 1077px) 100vw, 1077px\" \/><img loading=\"lazy\" decoding=\"async\" class=\"alignnone size-full wp-image-44546\" src=\"https:\/\/www.emeryetcie.com\/wp-content\/uploads\/2019\/06\/desert-design-2.jpg\" alt=\"\" width=\"1077\" height=\"419\" srcset=\"https:\/\/www.emeryetcie.com\/wp-content\/uploads\/2019\/06\/desert-design-2.jpg 1077w, https:\/\/www.emeryetcie.com\/wp-content\/uploads\/2019\/06\/desert-design-2-300x117.jpg 300w, https:\/\/www.emeryetcie.com\/wp-content\/uploads\/2019\/06\/desert-design-2-768x299.jpg 768w, https:\/\/www.emeryetcie.com\/wp-content\/uploads\/2019\/06\/desert-design-2-1024x398.jpg 1024w, https:\/\/www.emeryetcie.com\/wp-content\/uploads\/2019\/06\/desert-design-2-600x233.jpg 600w\" sizes=\"auto, (max-width: 1077px) 100vw, 1077px\" \/><\/p>\n<p style=\"text-align: center;\">&#8230; et un livre<br \/>\nouvrage collectif \u00e9dit\u00e9 \u00e0 l&#8217;occasion des expositions \u00e9ponymes<\/p>\n<p style=\"text-align: center;\">Tapis collect\u00e9s par Lahcen A\u00eft Khouya, Arnaud Mauri\u00e8res et Eric Ossart<\/p>\n<p style=\"text-align: center;\"><img loading=\"lazy\" decoding=\"async\" class=\"alignnone size-full wp-image-44548\" src=\"https:\/\/www.emeryetcie.com\/wp-content\/uploads\/2019\/06\/desert-design-3.jpg\" alt=\"\" width=\"1077\" height=\"797\" srcset=\"https:\/\/www.emeryetcie.com\/wp-content\/uploads\/2019\/06\/desert-design-3.jpg 1077w, https:\/\/www.emeryetcie.com\/wp-content\/uploads\/2019\/06\/desert-design-3-300x222.jpg 300w, https:\/\/www.emeryetcie.com\/wp-content\/uploads\/2019\/06\/desert-design-3-768x568.jpg 768w, https:\/\/www.emeryetcie.com\/wp-content\/uploads\/2019\/06\/desert-design-3-1024x758.jpg 1024w, https:\/\/www.emeryetcie.com\/wp-content\/uploads\/2019\/06\/desert-design-3-600x444.jpg 600w\" sizes=\"auto, (max-width: 1077px) 100vw, 1077px\" \/><br \/>\nTexte : Arnaud Mauri\u00e8res<\/p>\n<p style=\"text-align: center;\">Photographie des tapis : Rachid Bouzidi &#8230;<\/p>\n<p><img loading=\"lazy\" decoding=\"async\" class=\"size-full wp-image-44550 aligncenter\" src=\"https:\/\/www.emeryetcie.com\/wp-content\/uploads\/2019\/06\/desert-design-4.jpg\" alt=\"\" width=\"1077\" height=\"797\" srcset=\"https:\/\/www.emeryetcie.com\/wp-content\/uploads\/2019\/06\/desert-design-4.jpg 1077w, https:\/\/www.emeryetcie.com\/wp-content\/uploads\/2019\/06\/desert-design-4-300x222.jpg 300w, https:\/\/www.emeryetcie.com\/wp-content\/uploads\/2019\/06\/desert-design-4-768x568.jpg 768w, https:\/\/www.emeryetcie.com\/wp-content\/uploads\/2019\/06\/desert-design-4-1024x758.jpg 1024w, https:\/\/www.emeryetcie.com\/wp-content\/uploads\/2019\/06\/desert-design-4-600x444.jpg 600w\" sizes=\"auto, (max-width: 1077px) 100vw, 1077px\" \/><\/p>\n<p>&nbsp;<\/p>\n<p>&nbsp;<\/p>\n<p style=\"text-align: center;\">Photographies contextuelles : Nicolas Schimp<\/p>\n<p><img loading=\"lazy\" decoding=\"async\" class=\"alignnone size-full wp-image-44554 aligncenter\" src=\"https:\/\/www.emeryetcie.com\/wp-content\/uploads\/2019\/06\/desert-design-5-1.jpg\" alt=\"\" width=\"1073\" height=\"587\" srcset=\"https:\/\/www.emeryetcie.com\/wp-content\/uploads\/2019\/06\/desert-design-5-1.jpg 1073w, https:\/\/www.emeryetcie.com\/wp-content\/uploads\/2019\/06\/desert-design-5-1-300x164.jpg 300w, https:\/\/www.emeryetcie.com\/wp-content\/uploads\/2019\/06\/desert-design-5-1-768x420.jpg 768w, https:\/\/www.emeryetcie.com\/wp-content\/uploads\/2019\/06\/desert-design-5-1-1024x560.jpg 1024w, https:\/\/www.emeryetcie.com\/wp-content\/uploads\/2019\/06\/desert-design-5-1-600x328.jpg 600w\" sizes=\"auto, (max-width: 1073px) 100vw, 1073px\" \/><\/p>\n","protected":false},"excerpt":{"rendered":"<p>&#8230; et un livre ouvrage collectif \u00e9dit\u00e9 \u00e0 l&#8217;occasion des expositions \u00e9ponymes Tapis collect\u00e9s par Lahcen A\u00eft Khouya, Arnaud Mauri\u00e8res<\/p>\n","protected":false},"author":6,"featured_media":44583,"comment_status":"closed","ping_status":"closed","sticky":false,"template":"","format":"standard","meta":{"_acf_changed":false,"_exactmetrics_skip_tracking":false,"_exactmetrics_sitenote_active":false,"_exactmetrics_sitenote_note":"","_exactmetrics_sitenote_category":0,"footnotes":""},"categories":[1,254],"tags":[],"class_list":["post-44543","post","type-post","status-publish","format-standard","has-post-thumbnail","hentry","category-almanac","category-home-en"],"acf":[],"yoast_head":"<!-- This site is optimized with the Yoast SEO plugin v27.5 - https:\/\/yoast.com\/product\/yoast-seo-wordpress\/ -->\n<title>Desert Design - Emery &amp; Cie<\/title>\n<meta name=\"robots\" content=\"index, follow, max-snippet:-1, max-image-preview:large, max-video-preview:-1\" \/>\n<link rel=\"canonical\" href=\"https:\/\/www.emeryetcie.com\/en\/desert-design-2-2\/\" \/>\n<meta property=\"og:locale\" content=\"en_US\" \/>\n<meta property=\"og:type\" content=\"article\" \/>\n<meta property=\"og:title\" content=\"Desert Design - Emery &amp; Cie\" \/>\n<meta property=\"og:description\" content=\"&#8230; et un livre ouvrage collectif \u00e9dit\u00e9 \u00e0 l&#8217;occasion des expositions \u00e9ponymes Tapis collect\u00e9s par Lahcen A\u00eft Khouya, Arnaud Mauri\u00e8res\" \/>\n<meta property=\"og:url\" content=\"https:\/\/www.emeryetcie.com\/en\/desert-design-2-2\/\" \/>\n<meta property=\"og:site_name\" content=\"Emery &amp; Cie\" \/>\n<meta property=\"article:published_time\" content=\"2019-06-30T09:07:53+00:00\" \/>\n<meta property=\"og:image\" content=\"https:\/\/www.emeryetcie.com\/wp-content\/uploads\/2019\/07\/Home-EPH\u00e9m\u00e9rides-Desert-Design-1.jpg\" \/>\n\t<meta property=\"og:image:width\" content=\"283\" \/>\n\t<meta property=\"og:image:height\" content=\"425\" \/>\n\t<meta property=\"og:image:type\" content=\"image\/jpeg\" \/>\n<meta name=\"author\" content=\"Agn\u00e8s Emery\" \/>\n<meta name=\"twitter:card\" content=\"summary_large_image\" \/>\n<meta name=\"twitter:label1\" content=\"Written by\" \/>\n\t<meta name=\"twitter:data1\" content=\"Agn\u00e8s Emery\" \/>\n<script type=\"application\/ld+json\" class=\"yoast-schema-graph\">{\"@context\":\"https:\\\/\\\/schema.org\",\"@graph\":[{\"@type\":\"Article\",\"@id\":\"https:\\\/\\\/www.emeryetcie.com\\\/en\\\/desert-design-2-2\\\/#article\",\"isPartOf\":{\"@id\":\"https:\\\/\\\/www.emeryetcie.com\\\/en\\\/desert-design-2-2\\\/\"},\"author\":{\"name\":\"Agn\u00e8s Emery\",\"@id\":\"https:\\\/\\\/www.emeryetcie.com\\\/en\\\/#\\\/schema\\\/person\\\/f8da65729c0b6dd88bab592a6ffa026b\"},\"headline\":\"Desert Design\",\"datePublished\":\"2019-06-30T09:07:53+00:00\",\"mainEntityOfPage\":{\"@id\":\"https:\\\/\\\/www.emeryetcie.com\\\/en\\\/desert-design-2-2\\\/\"},\"wordCount\":42,\"image\":{\"@id\":\"https:\\\/\\\/www.emeryetcie.com\\\/en\\\/desert-design-2-2\\\/#primaryimage\"},\"thumbnailUrl\":\"https:\\\/\\\/www.emeryetcie.com\\\/wp-content\\\/uploads\\\/2019\\\/07\\\/Home-EPH\u00e9m\u00e9rides-Desert-Design-1.jpg\",\"articleSection\":[\"Almanac\",\"Home\"],\"inLanguage\":\"en-US\"},{\"@type\":\"WebPage\",\"@id\":\"https:\\\/\\\/www.emeryetcie.com\\\/en\\\/desert-design-2-2\\\/\",\"url\":\"https:\\\/\\\/www.emeryetcie.com\\\/en\\\/desert-design-2-2\\\/\",\"name\":\"Desert Design - Emery & Cie\",\"isPartOf\":{\"@id\":\"https:\\\/\\\/www.emeryetcie.com\\\/en\\\/#website\"},\"primaryImageOfPage\":{\"@id\":\"https:\\\/\\\/www.emeryetcie.com\\\/en\\\/desert-design-2-2\\\/#primaryimage\"},\"image\":{\"@id\":\"https:\\\/\\\/www.emeryetcie.com\\\/en\\\/desert-design-2-2\\\/#primaryimage\"},\"thumbnailUrl\":\"https:\\\/\\\/www.emeryetcie.com\\\/wp-content\\\/uploads\\\/2019\\\/07\\\/Home-EPH\u00e9m\u00e9rides-Desert-Design-1.jpg\",\"datePublished\":\"2019-06-30T09:07:53+00:00\",\"author\":{\"@id\":\"https:\\\/\\\/www.emeryetcie.com\\\/en\\\/#\\\/schema\\\/person\\\/f8da65729c0b6dd88bab592a6ffa026b\"},\"breadcrumb\":{\"@id\":\"https:\\\/\\\/www.emeryetcie.com\\\/en\\\/desert-design-2-2\\\/#breadcrumb\"},\"inLanguage\":\"en-US\",\"potentialAction\":[{\"@type\":\"ReadAction\",\"target\":[\"https:\\\/\\\/www.emeryetcie.com\\\/en\\\/desert-design-2-2\\\/\"]}]},{\"@type\":\"ImageObject\",\"inLanguage\":\"en-US\",\"@id\":\"https:\\\/\\\/www.emeryetcie.com\\\/en\\\/desert-design-2-2\\\/#primaryimage\",\"url\":\"https:\\\/\\\/www.emeryetcie.com\\\/wp-content\\\/uploads\\\/2019\\\/07\\\/Home-EPH\u00e9m\u00e9rides-Desert-Design-1.jpg\",\"contentUrl\":\"https:\\\/\\\/www.emeryetcie.com\\\/wp-content\\\/uploads\\\/2019\\\/07\\\/Home-EPH\u00e9m\u00e9rides-Desert-Design-1.jpg\",\"width\":283,\"height\":425},{\"@type\":\"BreadcrumbList\",\"@id\":\"https:\\\/\\\/www.emeryetcie.com\\\/en\\\/desert-design-2-2\\\/#breadcrumb\",\"itemListElement\":[{\"@type\":\"ListItem\",\"position\":1,\"name\":\"Home\",\"item\":\"https:\\\/\\\/www.emeryetcie.com\\\/en\\\/\"},{\"@type\":\"ListItem\",\"position\":2,\"name\":\"Desert Design\"}]},{\"@type\":\"WebSite\",\"@id\":\"https:\\\/\\\/www.emeryetcie.com\\\/en\\\/#website\",\"url\":\"https:\\\/\\\/www.emeryetcie.com\\\/en\\\/\",\"name\":\"Emery & Cie\",\"description\":\"Articles de Maison artisanaux\",\"potentialAction\":[{\"@type\":\"SearchAction\",\"target\":{\"@type\":\"EntryPoint\",\"urlTemplate\":\"https:\\\/\\\/www.emeryetcie.com\\\/en\\\/?s={search_term_string}\"},\"query-input\":{\"@type\":\"PropertyValueSpecification\",\"valueRequired\":true,\"valueName\":\"search_term_string\"}}],\"inLanguage\":\"en-US\"},{\"@type\":\"Person\",\"@id\":\"https:\\\/\\\/www.emeryetcie.com\\\/en\\\/#\\\/schema\\\/person\\\/f8da65729c0b6dd88bab592a6ffa026b\",\"name\":\"Agn\u00e8s Emery\",\"sameAs\":[\"https:\\\/\\\/www.emeryetcie.com\"],\"url\":\"https:\\\/\\\/www.emeryetcie.com\\\/en\\\/author\\\/agnes\\\/\"}]}<\/script>\n<!-- \/ Yoast SEO plugin. -->","yoast_head_json":{"title":"Desert Design - Emery & Cie","robots":{"index":"index","follow":"follow","max-snippet":"max-snippet:-1","max-image-preview":"max-image-preview:large","max-video-preview":"max-video-preview:-1"},"canonical":"https:\/\/www.emeryetcie.com\/en\/desert-design-2-2\/","og_locale":"en_US","og_type":"article","og_title":"Desert Design - Emery & Cie","og_description":"&#8230; et un livre ouvrage collectif \u00e9dit\u00e9 \u00e0 l&#8217;occasion des expositions \u00e9ponymes Tapis collect\u00e9s par Lahcen A\u00eft Khouya, Arnaud Mauri\u00e8res","og_url":"https:\/\/www.emeryetcie.com\/en\/desert-design-2-2\/","og_site_name":"Emery & Cie","article_published_time":"2019-06-30T09:07:53+00:00","og_image":[{"width":283,"height":425,"url":"https:\/\/www.emeryetcie.com\/wp-content\/uploads\/2019\/07\/Home-EPH\u00e9m\u00e9rides-Desert-Design-1.jpg","type":"image\/jpeg"}],"author":"Agn\u00e8s Emery","twitter_card":"summary_large_image","twitter_misc":{"Written by":"Agn\u00e8s Emery"},"schema":{"@context":"https:\/\/schema.org","@graph":[{"@type":"Article","@id":"https:\/\/www.emeryetcie.com\/en\/desert-design-2-2\/#article","isPartOf":{"@id":"https:\/\/www.emeryetcie.com\/en\/desert-design-2-2\/"},"author":{"name":"Agn\u00e8s Emery","@id":"https:\/\/www.emeryetcie.com\/en\/#\/schema\/person\/f8da65729c0b6dd88bab592a6ffa026b"},"headline":"Desert Design","datePublished":"2019-06-30T09:07:53+00:00","mainEntityOfPage":{"@id":"https:\/\/www.emeryetcie.com\/en\/desert-design-2-2\/"},"wordCount":42,"image":{"@id":"https:\/\/www.emeryetcie.com\/en\/desert-design-2-2\/#primaryimage"},"thumbnailUrl":"https:\/\/www.emeryetcie.com\/wp-content\/uploads\/2019\/07\/Home-EPH\u00e9m\u00e9rides-Desert-Design-1.jpg","articleSection":["Almanac","Home"],"inLanguage":"en-US"},{"@type":"WebPage","@id":"https:\/\/www.emeryetcie.com\/en\/desert-design-2-2\/","url":"https:\/\/www.emeryetcie.com\/en\/desert-design-2-2\/","name":"Desert Design - Emery & Cie","isPartOf":{"@id":"https:\/\/www.emeryetcie.com\/en\/#website"},"primaryImageOfPage":{"@id":"https:\/\/www.emeryetcie.com\/en\/desert-design-2-2\/#primaryimage"},"image":{"@id":"https:\/\/www.emeryetcie.com\/en\/desert-design-2-2\/#primaryimage"},"thumbnailUrl":"https:\/\/www.emeryetcie.com\/wp-content\/uploads\/2019\/07\/Home-EPH\u00e9m\u00e9rides-Desert-Design-1.jpg","datePublished":"2019-06-30T09:07:53+00:00","author":{"@id":"https:\/\/www.emeryetcie.com\/en\/#\/schema\/person\/f8da65729c0b6dd88bab592a6ffa026b"},"breadcrumb":{"@id":"https:\/\/www.emeryetcie.com\/en\/desert-design-2-2\/#breadcrumb"},"inLanguage":"en-US","potentialAction":[{"@type":"ReadAction","target":["https:\/\/www.emeryetcie.com\/en\/desert-design-2-2\/"]}]},{"@type":"ImageObject","inLanguage":"en-US","@id":"https:\/\/www.emeryetcie.com\/en\/desert-design-2-2\/#primaryimage","url":"https:\/\/www.emeryetcie.com\/wp-content\/uploads\/2019\/07\/Home-EPH\u00e9m\u00e9rides-Desert-Design-1.jpg","contentUrl":"https:\/\/www.emeryetcie.com\/wp-content\/uploads\/2019\/07\/Home-EPH\u00e9m\u00e9rides-Desert-Design-1.jpg","width":283,"height":425},{"@type":"BreadcrumbList","@id":"https:\/\/www.emeryetcie.com\/en\/desert-design-2-2\/#breadcrumb","itemListElement":[{"@type":"ListItem","position":1,"name":"Home","item":"https:\/\/www.emeryetcie.com\/en\/"},{"@type":"ListItem","position":2,"name":"Desert Design"}]},{"@type":"WebSite","@id":"https:\/\/www.emeryetcie.com\/en\/#website","url":"https:\/\/www.emeryetcie.com\/en\/","name":"Emery & Cie","description":"Articles de Maison artisanaux","potentialAction":[{"@type":"SearchAction","target":{"@type":"EntryPoint","urlTemplate":"https:\/\/www.emeryetcie.com\/en\/?s={search_term_string}"},"query-input":{"@type":"PropertyValueSpecification","valueRequired":true,"valueName":"search_term_string"}}],"inLanguage":"en-US"},{"@type":"Person","@id":"https:\/\/www.emeryetcie.com\/en\/#\/schema\/person\/f8da65729c0b6dd88bab592a6ffa026b","name":"Agn\u00e8s Emery","sameAs":["https:\/\/www.emeryetcie.com"],"url":"https:\/\/www.emeryetcie.com\/en\/author\/agnes\/"}]}},"_links":{"self":[{"href":"https:\/\/www.emeryetcie.com\/en\/wp-json\/wp\/v2\/posts\/44543","targetHints":{"allow":["GET"]}}],"collection":[{"href":"https:\/\/www.emeryetcie.com\/en\/wp-json\/wp\/v2\/posts"}],"about":[{"href":"https:\/\/www.emeryetcie.com\/en\/wp-json\/wp\/v2\/types\/post"}],"author":[{"embeddable":true,"href":"https:\/\/www.emeryetcie.com\/en\/wp-json\/wp\/v2\/users\/6"}],"replies":[{"embeddable":true,"href":"https:\/\/www.emeryetcie.com\/en\/wp-json\/wp\/v2\/comments?post=44543"}],"version-history":[{"count":1,"href":"https:\/\/www.emeryetcie.com\/en\/wp-json\/wp\/v2\/posts\/44543\/revisions"}],"predecessor-version":[{"id":44558,"href":"https:\/\/www.emeryetcie.com\/en\/wp-json\/wp\/v2\/posts\/44543\/revisions\/44558"}],"wp:featuredmedia":[{"embeddable":true,"href":"https:\/\/www.emeryetcie.com\/en\/wp-json\/wp\/v2\/media\/44583"}],"wp:attachment":[{"href":"https:\/\/www.emeryetcie.com\/en\/wp-json\/wp\/v2\/media?parent=44543"}],"wp:term":[{"taxonomy":"category","embeddable":true,"href":"https:\/\/www.emeryetcie.com\/en\/wp-json\/wp\/v2\/categories?post=44543"},{"taxonomy":"post_tag","embeddable":true,"href":"https:\/\/www.emeryetcie.com\/en\/wp-json\/wp\/v2\/tags?post=44543"}],"curies":[{"name":"wp","href":"https:\/\/api.w.org\/{rel}","templated":true}]}}